
{"id":1330,"date":"2017-12-18T21:39:35","date_gmt":"2017-12-18T21:39:35","guid":{"rendered":"http:\/\/bhrt-sindikat.ba\/?p=1330"},"modified":"2017-12-19T15:34:26","modified_gmt":"2017-12-19T15:34:26","slug":"radionica-o-kolektivnim-ugovorima-u-javnim-servisima-i-ulozi-novinara-u-sindikatu","status":"publish","type":"post","link":"http:\/\/bhrt-sindikat.ba\/?p=1330","title":{"rendered":"Radionica o kolektivnim ugovorima u Javnim servisima i ulozi novinara u sindikatu"},"content":{"rendered":"<p class=\"m_-2305443043035020155gmail-MsoNormal\"><span lang=\"BS-LATN-BA\">U organizaciji regionalne mre\u017ee sindikata \u201eSolidarnost\u201c u Vrnja\u010dkoj banji od 13 do 15 decembra odr\u017eana je radionica na kojoj su se razmatrale 3 teme:<\/span><\/p>\n<p class=\"m_-2305443043035020155gmail-MsoNormal\"><span lang=\"BS-LATN-BA\">1. Kolektivni ugovori u Javnim servisima u regionu.<br \/>\n<\/span><span lang=\"BS-LATN-BA\">2. \u0160ta sindikati mogu ponuditi prekarnim radnicima (honorarci, radnici na odre\u0111eno i sl.)?<br \/>\n<\/span><span lang=\"BS-LATN-BA\">3. Uloga novinara u sindikatima<\/span><\/p>\n<p class=\"m_-2305443043035020155gmail-MsoNormal\"><span lang=\"BS-LATN-BA\">Prezentaciju o kolektivnom ugovoru u RTS-u dr\u017eao je Dragan Milanovi\u0107, potpredsjednik UGS Nezavisnost, u kojoj je iznio na koji na\u010din se sindikat Nezavisnost izborio za potpisivanje kolektivnog ugovora u RTS-u, kao i koji su njegovi efekti.<\/span><\/p>\n<p class=\"m_-2305443043035020155gmail-MsoNormal\"><span lang=\"BS-LATN-BA\">Predsjednik SSR u BHRT-u Damir Smital koji je u\u010destvovao na ovoj radionici, na poziv kolega iz SSS BiH je iznio probleme sa kojima se suo\u010dava Javni servis BiH, kao i da BHRT nema kolektivni ugovor.<\/span><\/p>\n<p class=\"m_-2305443043035020155gmail-MsoNormal\"><span lang=\"BS-LATN-BA\">U Makedoniji tako\u0111er ne postoji kolektivni ugovor za Javni servis, a predstavnici sindikata iz Crne Gore su iznijeli da postoji kolektivni ugovor za TV CG, ali da zbog otpora u dr\u017eavnoj administraciji jo\u0161 nije stupio na snagu.<\/span><\/p>\n<p><span lang=\"BS-LATN-BA\">Slijede\u0107u temu o odnosu sindikata i prekarnih radnika, moderirao je Du\u0161ko Vukovi\u0107, potpredsjednik Saveza samostalnih sindikata Srbije. Nakon duge i iscrpne diskusije utvr\u0111eno je da se sindikati moraju prilagoditi novonastaloj situaciji i na\u0107i na\u010din kako za\u0161titi prekarne radnike, a time ih i zainteresovati za aktivan rad u sindikatima. Donesen je zaklju\u010dak da svi predstavnici sindikata dostave prijedloge kako bi se u njihovim dr\u017eavama mogao regulisati status prekarnih radnika.<\/span><\/p>\n<p><img loading=\"lazy\" decoding=\"async\" class=\"size-medium wp-image-1332 alignleft\" src=\"http:\/\/bhrt-sindikat.ba\/wp-content\/uploads\/2017\/12\/Slika-VB-2-300x180.jpg\" alt=\"\" width=\"300\" height=\"180\" srcset=\"http:\/\/bhrt-sindikat.ba\/wp-content\/uploads\/2017\/12\/Slika-VB-2-300x180.jpg 300w, http:\/\/bhrt-sindikat.ba\/wp-content\/uploads\/2017\/12\/Slika-VB-2-768x460.jpg 768w, http:\/\/bhrt-sindikat.ba\/wp-content\/uploads\/2017\/12\/Slika-VB-2-1024x614.jpg 1024w, http:\/\/bhrt-sindikat.ba\/wp-content\/uploads\/2017\/12\/Slika-VB-2.jpg 1136w\" sizes=\"auto, (max-width: 300px) 100vw, 300px\" \/><\/p>\n<p class=\"m_-2305443043035020155gmail-MsoNormal\"><span lang=\"BS-LATN-BA\">Temu o ulozi novinara u sindikatima je otvorio Svetozar Rakovi\u0107, generalni sekretar NUNS-a (Nezavisno udru\u017eenje novinara Srbije), prezentiraju\u0107i istra\u017eivanje o odnosu novinara prema drugim grupacijama dru\u0161tva. U toku razmjena informacija na radionici je utvr\u0111eno da je udio novinara u medijskim sindikatima izuzetno mali, a jo\u0161 vi\u0161e zabrinjava njihov pasivan odnos unutar sindikata, iako bi trebalo da budu nosioci progresivnog djelovanja sindikata.\u00a0<\/span><span lang=\"BS-LATN-BA\">Tako\u0111er je konstatovana mala vidljivost rada sindikata iz regiona u medijima.<\/span><\/p>\n<p class=\"m_-2305443043035020155gmail-MsoNormal\"><span lang=\"BS-LATN-BA\"><br \/>\nU toku radionice se govorilo i o op\u0161tim pitanjima koja poga\u0111aju sindikate regiona, a o tome su diskutovali: \u010cedomir Bracanovi\u0107, predstavnik Saveza sindikata Crne Gore, Lejla \u010cau\u0161evi\u0107 \u2013 Su\u0107eska (SSS BiH), Vladan Obradovi\u0107 (SSS Srbije), Irena Ivanovska (SSM), Emilija Gruji\u0107 i Miodrag Pantovi\u0107 (ETUC), kao i ostali prisutni predstavnici civilnog dru\u0161tva i sindikata iz regiona.<\/span><span lang=\"BS-LATN-BA\"><br \/>\n<\/span><\/p>\n<p class=\"m_-2305443043035020155gmail-MsoNormal\"><span lang=\"BS-LATN-BA\">Radionica je odr\u017eana u sklopu projekta Evropske konfederacije sindikata uz podr\u0161ku Evropske komisije.<\/span><\/p>\n","protected":false},"excerpt":{"rendered":"<p>U organizaciji regionalne mre\u017ee sindikata \u201eSolidarnost\u201c u Vrnja\u010dkoj banji od 13 do 15 decembra odr\u017eana je radionica na kojoj su se razmatrale 3 teme: 1. Kolektivni ugovori u Javnim servisima u regionu. 2. \u0160ta sindikati mogu ponuditi prekarnim radnicima (honorarci, radnici na odre\u0111eno i sl.)? 3. Uloga novinara u sindikatima Prezentaciju o kolektivnom ugovoru u&#8230;<\/p>\n","protected":false},"author":3,"featured_media":1331,"comment_status":"closed","ping_status":"open","sticky":false,"template":"","format":"standard","meta":{"footnotes":"","_links_to":"","_links_to_target":""},"categories":[12,5],"tags":[],"class_list":["post-1330","post","type-post","status-publish","format-standard","has-post-thumbnail","hentry","category-naslovna","category-novosti"],"_links":{"self":[{"href":"http:\/\/bhrt-sindikat.ba\/index.php?rest_route=\/wp\/v2\/posts\/1330","targetHints":{"allow":["GET"]}}],"collection":[{"href":"http:\/\/bhrt-sindikat.ba\/index.php?rest_route=\/wp\/v2\/posts"}],"about":[{"href":"http:\/\/bhrt-sindikat.ba\/index.php?rest_route=\/wp\/v2\/types\/post"}],"author":[{"embeddable":true,"href":"http:\/\/bhrt-sindikat.ba\/index.php?rest_route=\/wp\/v2\/users\/3"}],"replies":[{"embeddable":true,"href":"http:\/\/bhrt-sindikat.ba\/index.php?rest_route=%2Fwp%2Fv2%2Fcomments&post=1330"}],"version-history":[{"count":0,"href":"http:\/\/bhrt-sindikat.ba\/index.php?rest_route=\/wp\/v2\/posts\/1330\/revisions"}],"wp:featuredmedia":[{"embeddable":true,"href":"http:\/\/bhrt-sindikat.ba\/index.php?rest_route=\/wp\/v2\/media\/1331"}],"wp:attachment":[{"href":"http:\/\/bhrt-sindikat.ba\/index.php?rest_route=%2Fwp%2Fv2%2Fmedia&parent=1330"}],"wp:term":[{"taxonomy":"category","embeddable":true,"href":"http:\/\/bhrt-sindikat.ba\/index.php?rest_route=%2Fwp%2Fv2%2Fcategories&post=1330"},{"taxonomy":"post_tag","embeddable":true,"href":"http:\/\/bhrt-sindikat.ba\/index.php?rest_route=%2Fwp%2Fv2%2Ftags&post=1330"}],"curies":[{"name":"wp","href":"https:\/\/api.w.org\/{rel}","templated":true}]}}