
{"id":1403,"date":"2018-02-13T21:23:16","date_gmt":"2018-02-13T21:23:16","guid":{"rendered":"http:\/\/bhrt-sindikat.ba\/?p=1403"},"modified":"2018-02-13T21:23:16","modified_gmt":"2018-02-13T21:23:16","slug":"jusko-sa-reprezentativnim-sindikatom-bhrt-a-treba-osigurati-kontinuiranu-naplatu-rtv-takse","status":"publish","type":"post","link":"http:\/\/bhrt-sindikat.ba\/?p=1403","title":{"rendered":"Jusko sa Reprezentativnim sindikatom BHRT-a: Treba osigurati kontinuiranu naplatu RTV takse"},"content":{"rendered":"<p>Ministar komunikacija i prometa BiH Ismir Jusko razgovarao je danas s predstavnicima Samostalnog sindikata radnika u BHRT-u o Zakonu o javnom RTV sistemu, problemu stabilnog finansiranja javnih servisa i proces digitalizacije.<\/p>\n<p>Jusko je rekao da je Ministarstvo komunikacija i prometa BiH predlo\u017eilo izmjene tog zakona 2015. godine \u010dime bi bio izmijenjen sistem naplate takse, me\u0111utim, one nisu nai\u0161le na podr\u0161ku.<\/p>\n<p>&#8220;Naime, bez kvalitetnog zakona problem naplate RTV takse ne mo\u017ee biti rije\u0161en. Ministarstvo \u0107e raditi na tome da javni RTV servisi imaju kontinuiranu kvalitetnu naplatu RTV takse&#8221;, naglasio je Jusko, daju\u0107i punu podr\u0161ku Sindikatu u borbi za njihova prava.<\/p>\n<p>Predsjednik Sindikata samostalnih radnika u BHRT-u Damir Smital je u svoje i u ime Sindikata ponudio saradnju Jusku i njegovom timu na izmjeni navedenog zakona.<\/p>\n<p>&#8220;Prijedlog Sindikata u vezi s izmjenom Zakona ti\u010de se izmjena definicije RTV takse koja predstavlja problem pri utu\u017eenju, odnosno kada RTV servisi \u017eele naplatiti RTV taksu u sudskom procesu, zatim formiranja zajedni\u010dke slu\u017ebe za naplatu RTV takse, kao i planiranja sredstava u bud\u017eetu BiH za vra\u0107anje duga Evropskoj radiodifuznoj uniji. Nadamo se \u0161to skorijem usvajanju izmjena Zakona s obzirom da finansiranje BHRT-a ovisi isklju\u010divo o ugovoru s Elektroprivredom BiH, koji isti\u010de krajem ove godine&#8221;, kazao je Smital, saop\u0107eno je iz Ministarstva komunikacija i prometa BiH.<\/p>\n","protected":false},"excerpt":{"rendered":"<p>Ministar komunikacija i prometa BiH Ismir Jusko razgovarao je danas s predstavnicima Samostalnog sindikata radnika u BHRT-u o Zakonu o javnom RTV sistemu, problemu stabilnog finansiranja javnih servisa i proces digitalizacije. Jusko je rekao da je Ministarstvo komunikacija i prometa BiH predlo\u017eilo izmjene tog zakona 2015. godine \u010dime bi bio izmijenjen sistem naplate takse, me\u0111utim,&#8230;<\/p>\n","protected":false},"author":3,"featured_media":1404,"comment_status":"closed","ping_status":"open","sticky":false,"template":"","format":"standard","meta":{"footnotes":"","_links_to":"","_links_to_target":""},"categories":[12,5],"tags":[],"class_list":["post-1403","post","type-post","status-publish","format-standard","has-post-thumbnail","hentry","category-naslovna","category-novosti"],"_links":{"self":[{"href":"http:\/\/bhrt-sindikat.ba\/index.php?rest_route=\/wp\/v2\/posts\/1403","targetHints":{"allow":["GET"]}}],"collection":[{"href":"http:\/\/bhrt-sindikat.ba\/index.php?rest_route=\/wp\/v2\/posts"}],"about":[{"href":"http:\/\/bhrt-sindikat.ba\/index.php?rest_route=\/wp\/v2\/types\/post"}],"author":[{"embeddable":true,"href":"http:\/\/bhrt-sindikat.ba\/index.php?rest_route=\/wp\/v2\/users\/3"}],"replies":[{"embeddable":true,"href":"http:\/\/bhrt-sindikat.ba\/index.php?rest_route=%2Fwp%2Fv2%2Fcomments&post=1403"}],"version-history":[{"count":0,"href":"http:\/\/bhrt-sindikat.ba\/index.php?rest_route=\/wp\/v2\/posts\/1403\/revisions"}],"wp:featuredmedia":[{"embeddable":true,"href":"http:\/\/bhrt-sindikat.ba\/index.php?rest_route=\/wp\/v2\/media\/1404"}],"wp:attachment":[{"href":"http:\/\/bhrt-sindikat.ba\/index.php?rest_route=%2Fwp%2Fv2%2Fmedia&parent=1403"}],"wp:term":[{"taxonomy":"category","embeddable":true,"href":"http:\/\/bhrt-sindikat.ba\/index.php?rest_route=%2Fwp%2Fv2%2Fcategories&post=1403"},{"taxonomy":"post_tag","embeddable":true,"href":"http:\/\/bhrt-sindikat.ba\/index.php?rest_route=%2Fwp%2Fv2%2Ftags&post=1403"}],"curies":[{"name":"wp","href":"https:\/\/api.w.org\/{rel}","templated":true}]}}