
{"id":1462,"date":"2018-04-11T07:24:55","date_gmt":"2018-04-11T07:24:55","guid":{"rendered":"http:\/\/bhrt-sindikat.ba\/?p=1462"},"modified":"2018-04-11T07:24:55","modified_gmt":"2018-04-11T07:24:55","slug":"dan-rtv-a","status":"publish","type":"post","link":"http:\/\/bhrt-sindikat.ba\/?p=1462","title":{"rendered":"DAN RTV-a"},"content":{"rendered":"<p>Radio-televizija Bosne i Hercegovine obilje\u017eava 73 godine postojanja. Tim povodom, Samostalni sindikat radnika u BHRT-u, polo\u017eio je cvije\u0107e na spomen-plo\u010du sa imenima ubijenih radnika u proteklom ratu. Po\u010detak elektronskog emitovanja u Bosni i Hercegovini po\u010deo je programom Radio Sarajeva, kojeg danas ba\u0161tini Radio-televizija Bosne i Hercegovine. Danas, 73 godine poslije, nerije\u0161eno je pitanje naplate RTV takse, te stalni poku\u0161aji politi\u010dkih stranaka da ostvare uticaj na javne servise, glavni su ograni\u010davaju\u0107i faktor u funkcionisanju Radio- televizije Bosne i Hercergovine.<\/p>\n","protected":false},"excerpt":{"rendered":"<p>Radio-televizija Bosne i Hercegovine obilje\u017eava 73 godine postojanja. Tim povodom, Samostalni sindikat radnika u BHRT-u, polo\u017eio je cvije\u0107e na spomen-plo\u010du sa imenima ubijenih radnika u proteklom ratu. Po\u010detak elektronskog emitovanja u Bosni i Hercegovini po\u010deo je programom Radio Sarajeva, kojeg danas ba\u0161tini Radio-televizija Bosne i Hercegovine. Danas, 73 godine poslije, nerije\u0161eno je pitanje naplate RTV&#8230;<\/p>\n","protected":false},"author":3,"featured_media":1463,"comment_status":"closed","ping_status":"open","sticky":false,"template":"","format":"standard","meta":{"footnotes":"","_links_to":"","_links_to_target":""},"categories":[12,5],"tags":[],"class_list":["post-1462","post","type-post","status-publish","format-standard","has-post-thumbnail","hentry","category-naslovna","category-novosti"],"_links":{"self":[{"href":"http:\/\/bhrt-sindikat.ba\/index.php?rest_route=\/wp\/v2\/posts\/1462","targetHints":{"allow":["GET"]}}],"collection":[{"href":"http:\/\/bhrt-sindikat.ba\/index.php?rest_route=\/wp\/v2\/posts"}],"about":[{"href":"http:\/\/bhrt-sindikat.ba\/index.php?rest_route=\/wp\/v2\/types\/post"}],"author":[{"embeddable":true,"href":"http:\/\/bhrt-sindikat.ba\/index.php?rest_route=\/wp\/v2\/users\/3"}],"replies":[{"embeddable":true,"href":"http:\/\/bhrt-sindikat.ba\/index.php?rest_route=%2Fwp%2Fv2%2Fcomments&post=1462"}],"version-history":[{"count":0,"href":"http:\/\/bhrt-sindikat.ba\/index.php?rest_route=\/wp\/v2\/posts\/1462\/revisions"}],"wp:featuredmedia":[{"embeddable":true,"href":"http:\/\/bhrt-sindikat.ba\/index.php?rest_route=\/wp\/v2\/media\/1463"}],"wp:attachment":[{"href":"http:\/\/bhrt-sindikat.ba\/index.php?rest_route=%2Fwp%2Fv2%2Fmedia&parent=1462"}],"wp:term":[{"taxonomy":"category","embeddable":true,"href":"http:\/\/bhrt-sindikat.ba\/index.php?rest_route=%2Fwp%2Fv2%2Fcategories&post=1462"},{"taxonomy":"post_tag","embeddable":true,"href":"http:\/\/bhrt-sindikat.ba\/index.php?rest_route=%2Fwp%2Fv2%2Ftags&post=1462"}],"curies":[{"name":"wp","href":"https:\/\/api.w.org\/{rel}","templated":true}]}}