
{"id":1698,"date":"2019-02-25T20:16:33","date_gmt":"2019-02-25T20:16:33","guid":{"rendered":"http:\/\/bhrt-sindikat.ba\/?p=1698"},"modified":"2019-02-26T21:59:41","modified_gmt":"2019-02-26T21:59:41","slug":"skupstina-sindikata-2","status":"publish","type":"post","link":"http:\/\/bhrt-sindikat.ba\/?p=1698","title":{"rendered":"SKUP\u0160TINA SINDIKATA"},"content":{"rendered":"\r\n<p>U zgradi RTV Doma 22.02.2019.godine je odr\u017eana Skup\u0161tina Samostalnog sindikata radnika u BHRT-u.<br \/><br \/>Za predsjednika sindikata izabran je Damir Smital.<br \/><br \/>Imenovan je novi Upravni odbor kojeg \u010dine: Elvis \u010cengi\u0107, Samir Gad\u017eo, Josip Sogovi\u0107, Mensud Grbo, Merima Pa\u0161ali\u0107 Kurtovi\u0107, Neda Tadi\u0107, Rifat Kuki\u0107, Mubera Herac, Ekrem Agi\u0107, Dragan Miljevi\u0107, D\u017eemal Kahrica, Omer Buki\u0107, Mustafa Baru\u010dija, Nihad Arnautovi\u0107, Edis Fo\u010do, Sadin Kavazovi\u0107.<br \/>Predsjednik Skup\u0161tine je Amir D\u017eidi\u0107 dok je potpredsjednica \u017deljana Mehmedika.<br \/><br \/>Skup\u0161tina je usvojila Izvje\u0161taj o radu UO, izvje\u0161taj Nadzornog odbora kao i finansijski izvje\u0161taj za 2018.godinu.<\/p>\r\n\r\n\r\n\r\n<figure class=\"wp-block-image\"><img loading=\"lazy\" decoding=\"async\" width=\"960\" height=\"720\" class=\"wp-image-1702\" src=\"http:\/\/bhrt-sindikat.ba\/wp-content\/uploads\/2019\/02\/52719233_2027178670732607_2914117224228716544_n.jpg\" alt=\"\" srcset=\"http:\/\/bhrt-sindikat.ba\/wp-content\/uploads\/2019\/02\/52719233_2027178670732607_2914117224228716544_n.jpg 960w, http:\/\/bhrt-sindikat.ba\/wp-content\/uploads\/2019\/02\/52719233_2027178670732607_2914117224228716544_n-300x225.jpg 300w, http:\/\/bhrt-sindikat.ba\/wp-content\/uploads\/2019\/02\/52719233_2027178670732607_2914117224228716544_n-768x576.jpg 768w\" sizes=\"auto, (max-width: 960px) 100vw, 960px\" \/><\/figure>\r\n\r\n\r\n\r\n<p>&nbsp;<\/p>\r\n","protected":false},"excerpt":{"rendered":"<p>U zgradi RTV Doma 22.02.2019.godine je odr\u017eana Skup\u0161tina Samostalnog sindikata radnika u BHRT-u. Za predsjednika sindikata izabran je Damir Smital. Imenovan je novi Upravni odbor kojeg \u010dine: Elvis \u010cengi\u0107, Samir Gad\u017eo, Josip Sogovi\u0107, Mensud Grbo, Merima Pa\u0161ali\u0107 Kurtovi\u0107, Neda Tadi\u0107, Rifat Kuki\u0107, Mubera Herac, Ekrem Agi\u0107, Dragan Miljevi\u0107, D\u017eemal Kahrica, Omer Buki\u0107, Mustafa Baru\u010dija, Nihad&#8230;<\/p>\n","protected":false},"author":3,"featured_media":1699,"comment_status":"closed","ping_status":"open","sticky":false,"template":"","format":"standard","meta":{"footnotes":"","_links_to":"","_links_to_target":""},"categories":[13,12,5],"tags":[],"class_list":["post-1698","post","type-post","status-publish","format-standard","has-post-thumbnail","hentry","category-naslovna-novosti","category-naslovna","category-novosti"],"_links":{"self":[{"href":"http:\/\/bhrt-sindikat.ba\/index.php?rest_route=\/wp\/v2\/posts\/1698","targetHints":{"allow":["GET"]}}],"collection":[{"href":"http:\/\/bhrt-sindikat.ba\/index.php?rest_route=\/wp\/v2\/posts"}],"about":[{"href":"http:\/\/bhrt-sindikat.ba\/index.php?rest_route=\/wp\/v2\/types\/post"}],"author":[{"embeddable":true,"href":"http:\/\/bhrt-sindikat.ba\/index.php?rest_route=\/wp\/v2\/users\/3"}],"replies":[{"embeddable":true,"href":"http:\/\/bhrt-sindikat.ba\/index.php?rest_route=%2Fwp%2Fv2%2Fcomments&post=1698"}],"version-history":[{"count":0,"href":"http:\/\/bhrt-sindikat.ba\/index.php?rest_route=\/wp\/v2\/posts\/1698\/revisions"}],"wp:featuredmedia":[{"embeddable":true,"href":"http:\/\/bhrt-sindikat.ba\/index.php?rest_route=\/wp\/v2\/media\/1699"}],"wp:attachment":[{"href":"http:\/\/bhrt-sindikat.ba\/index.php?rest_route=%2Fwp%2Fv2%2Fmedia&parent=1698"}],"wp:term":[{"taxonomy":"category","embeddable":true,"href":"http:\/\/bhrt-sindikat.ba\/index.php?rest_route=%2Fwp%2Fv2%2Fcategories&post=1698"},{"taxonomy":"post_tag","embeddable":true,"href":"http:\/\/bhrt-sindikat.ba\/index.php?rest_route=%2Fwp%2Fv2%2Ftags&post=1698"}],"curies":[{"name":"wp","href":"https:\/\/api.w.org\/{rel}","templated":true}]}}