
{"id":1748,"date":"2019-04-02T18:47:13","date_gmt":"2019-04-02T18:47:13","guid":{"rendered":"http:\/\/bhrt-sindikat.ba\/?p=1748"},"modified":"2019-04-10T21:51:01","modified_gmt":"2019-04-10T21:51:01","slug":"10-april-dan-rtv-a-2","status":"publish","type":"post","link":"http:\/\/bhrt-sindikat.ba\/?p=1748","title":{"rendered":"Radio-televizija Bosne i Hercegovine danas obilje\u017eava 74. godi\u0161njicu svog postojanja i rada"},"content":{"rendered":"<p>Ovim povodom, delegacija Samostalnog sindikata radnika BHRT-a polo\u017eila je cvije\u0107e na memorijalnu plo\u010du ubijenim radnicima, u prizemlju RTV Doma.<\/p>\n<p>Desetog aprila 1945. godine, \u010detiri dana nakon \u0161to je Sarajevo oslobo\u0111eno od okupatora, uz pomo\u0107 zarobljene njema\u010dke radio stanice, prvi put se oglasio Radio Sarajevo.<\/p>\n<p><em><strong>\u201cSmrt fa\u0161izmu, sloboda narodu. Ovdje Radio Sarajevo\u201d<\/strong><\/em>, prve su rije\u010di koje je u eter izgovorio \u0110or\u0111e Luki\u0107 Cigo, prvi spiker i tehni\u010dar Radio Sarajeva, koji je popravio uni\u0161tenu radijsku opremu koju su za sobom ostavili okupatori.<\/p>\n<p>Televizija Sarajevo emitovanje programa po\u010dela je 1969. godine.<\/p>\n<p>Ova godi\u0161njica zna\u010dajan je datum u istoriji bosanskohercegova\u010dkog novinarstva i razvoja elektronskih medija. Radio Sarajevo, \u010diji je formalno-pravni nasljednik dana\u0161nja Radio-televizija Bosne i Hercegovine, bio je po\u010detak razvoja elektronskih medija i funkcije Javnog servisa u BiH.<\/p>\n","protected":false},"excerpt":{"rendered":"<p>Ovim povodom, delegacija Samostalnog sindikata radnika BHRT-a polo\u017eila je cvije\u0107e na memorijalnu plo\u010du ubijenim radnicima, u prizemlju RTV Doma. Desetog aprila 1945. godine, \u010detiri dana nakon \u0161to je Sarajevo oslobo\u0111eno od okupatora, uz pomo\u0107 zarobljene njema\u010dke radio stanice, prvi put se oglasio Radio Sarajevo. \u201cSmrt fa\u0161izmu, sloboda narodu. Ovdje Radio Sarajevo\u201d, prve su rije\u010di koje&#8230;<\/p>\n","protected":false},"author":3,"featured_media":0,"comment_status":"closed","ping_status":"open","sticky":false,"template":"","format":"standard","meta":{"footnotes":"","_links_to":"","_links_to_target":""},"categories":[12,5],"tags":[],"class_list":["post-1748","post","type-post","status-publish","format-standard","hentry","category-naslovna","category-novosti"],"_links":{"self":[{"href":"http:\/\/bhrt-sindikat.ba\/index.php?rest_route=\/wp\/v2\/posts\/1748","targetHints":{"allow":["GET"]}}],"collection":[{"href":"http:\/\/bhrt-sindikat.ba\/index.php?rest_route=\/wp\/v2\/posts"}],"about":[{"href":"http:\/\/bhrt-sindikat.ba\/index.php?rest_route=\/wp\/v2\/types\/post"}],"author":[{"embeddable":true,"href":"http:\/\/bhrt-sindikat.ba\/index.php?rest_route=\/wp\/v2\/users\/3"}],"replies":[{"embeddable":true,"href":"http:\/\/bhrt-sindikat.ba\/index.php?rest_route=%2Fwp%2Fv2%2Fcomments&post=1748"}],"version-history":[{"count":0,"href":"http:\/\/bhrt-sindikat.ba\/index.php?rest_route=\/wp\/v2\/posts\/1748\/revisions"}],"wp:attachment":[{"href":"http:\/\/bhrt-sindikat.ba\/index.php?rest_route=%2Fwp%2Fv2%2Fmedia&parent=1748"}],"wp:term":[{"taxonomy":"category","embeddable":true,"href":"http:\/\/bhrt-sindikat.ba\/index.php?rest_route=%2Fwp%2Fv2%2Fcategories&post=1748"},{"taxonomy":"post_tag","embeddable":true,"href":"http:\/\/bhrt-sindikat.ba\/index.php?rest_route=%2Fwp%2Fv2%2Ftags&post=1748"}],"curies":[{"name":"wp","href":"https:\/\/api.w.org\/{rel}","templated":true}]}}