
{"id":1854,"date":"2019-09-29T12:31:41","date_gmt":"2019-09-29T12:31:41","guid":{"rendered":"http:\/\/bhrt-sindikat.ba\/?p=1854"},"modified":"2019-09-29T12:31:47","modified_gmt":"2019-09-29T12:31:47","slug":"osuda-napada-na-portal-radio-sarajevo","status":"publish","type":"post","link":"http:\/\/bhrt-sindikat.ba\/?p=1854","title":{"rendered":"Osuda napada na portal Radio Sarajevo"},"content":{"rendered":"<p>Samostalni sindikat radnika u BHRT-u najo\u0161trije osu\u0111uje napad na na\u0161e kolege iz redakcije portala Radio Sarajevo. Smatramo da je ovakav vid pritiska na novinare nedopustiv u 21. stolje\u0107u u jednoj demokratskoj zemlji, pa zbog toga pozivamo nadle\u017ene institucije da djeluju u skladu sa zakonom.<\/p>\n<p>Nadamo se da \u0107e ovaj, na\u017ealost, jo\u0161 jedan u nizu napada na medijske radnike u Bosni i Hercegovini podsta\u0107i kreatore politika da se ozbiljnije pozabave za\u0161titom slobode izra\u017eavanja i osiguravanjem sigurnijeg okru\u017eenja za rad svih medija i njihovih radnika.<\/p>\n<p>&nbsp;<\/p>\n","protected":false},"excerpt":{"rendered":"<p>Samostalni sindikat radnika u BHRT-u najo\u0161trije osu\u0111uje napad na na\u0161e kolege iz redakcije portala Radio Sarajevo. Smatramo da je ovakav vid pritiska na novinare nedopustiv u 21. stolje\u0107u u jednoj demokratskoj zemlji, pa zbog toga pozivamo nadle\u017ene institucije da djeluju u skladu sa zakonom. Nadamo se da \u0107e ovaj, na\u017ealost, jo\u0161 jedan u nizu napada&#8230;<\/p>\n","protected":false},"author":3,"featured_media":1855,"comment_status":"closed","ping_status":"open","sticky":false,"template":"","format":"standard","meta":{"footnotes":"","_links_to":"","_links_to_target":""},"categories":[13,12,5],"tags":[],"class_list":["post-1854","post","type-post","status-publish","format-standard","has-post-thumbnail","hentry","category-naslovna-novosti","category-naslovna","category-novosti"],"_links":{"self":[{"href":"http:\/\/bhrt-sindikat.ba\/index.php?rest_route=\/wp\/v2\/posts\/1854","targetHints":{"allow":["GET"]}}],"collection":[{"href":"http:\/\/bhrt-sindikat.ba\/index.php?rest_route=\/wp\/v2\/posts"}],"about":[{"href":"http:\/\/bhrt-sindikat.ba\/index.php?rest_route=\/wp\/v2\/types\/post"}],"author":[{"embeddable":true,"href":"http:\/\/bhrt-sindikat.ba\/index.php?rest_route=\/wp\/v2\/users\/3"}],"replies":[{"embeddable":true,"href":"http:\/\/bhrt-sindikat.ba\/index.php?rest_route=%2Fwp%2Fv2%2Fcomments&post=1854"}],"version-history":[{"count":0,"href":"http:\/\/bhrt-sindikat.ba\/index.php?rest_route=\/wp\/v2\/posts\/1854\/revisions"}],"wp:featuredmedia":[{"embeddable":true,"href":"http:\/\/bhrt-sindikat.ba\/index.php?rest_route=\/wp\/v2\/media\/1855"}],"wp:attachment":[{"href":"http:\/\/bhrt-sindikat.ba\/index.php?rest_route=%2Fwp%2Fv2%2Fmedia&parent=1854"}],"wp:term":[{"taxonomy":"category","embeddable":true,"href":"http:\/\/bhrt-sindikat.ba\/index.php?rest_route=%2Fwp%2Fv2%2Fcategories&post=1854"},{"taxonomy":"post_tag","embeddable":true,"href":"http:\/\/bhrt-sindikat.ba\/index.php?rest_route=%2Fwp%2Fv2%2Ftags&post=1854"}],"curies":[{"name":"wp","href":"https:\/\/api.w.org\/{rel}","templated":true}]}}