
{"id":2213,"date":"2021-04-09T19:32:31","date_gmt":"2021-04-09T19:32:31","guid":{"rendered":"http:\/\/bhrt-sindikat.ba\/?p=2213"},"modified":"2021-04-09T19:32:31","modified_gmt":"2021-04-09T19:32:31","slug":"10-04-dan-rtv-a","status":"publish","type":"post","link":"http:\/\/bhrt-sindikat.ba\/?p=2213","title":{"rendered":"10.04. Dan RTV-a"},"content":{"rendered":"<p>Povodom <strong>76. godi\u0161njice po\u010detka javnog emitiranja u BiH<\/strong>, na inicijativu Samostalnog sindikata radnika u BHRT-u obnovljena je spomen plo\u010da za 39 radnika na\u0161e\u00a0 ku\u0107e koji su poginuli u proteklom ratu. U izradi obnove spomen plo\u010de pored na\u0161eg sindikata sudjelovali su menad\u017ement BHRT-a i Sindikalna organizacija BHRT-a.<\/p>\n<p>Samostalni sindikata radnika u BHRT-u podsje\u0107a javnost da je danas, nakon 76 godina postojanja i rada Radio-televizije Bosne i Hercegovine, nerije\u0161eno pitanje naplate RTV takse, \u010dime se dalje uru\u0161ava proces kvalitetne produkcije i emitiranja programa i egzistencije radnika.<\/p>\n<p>Politi\u010dke stranke, osim stalnih poku\u0161aja da ostvare utjecaj na javne servise, nedono\u0161enjem zakona koji bi regulirao tu oblast dodatno \u0161tete medijskom servisu gra\u0111ana Bosne i Hercegovine.<\/p>\n<p>&nbsp;<\/p>\n","protected":false},"excerpt":{"rendered":"<p>Povodom 76. godi\u0161njice po\u010detka javnog emitiranja u BiH, na inicijativu Samostalnog sindikata radnika u BHRT-u obnovljena je spomen plo\u010da za 39 radnika na\u0161e\u00a0 ku\u0107e koji su poginuli u proteklom ratu. U izradi obnove spomen plo\u010de pored na\u0161eg sindikata sudjelovali su menad\u017ement BHRT-a i Sindikalna organizacija BHRT-a. Samostalni sindikata radnika u BHRT-u podsje\u0107a javnost da je&#8230;<\/p>\n","protected":false},"author":4,"featured_media":2214,"comment_status":"closed","ping_status":"open","sticky":false,"template":"","format":"standard","meta":{"footnotes":"","_links_to":"","_links_to_target":""},"categories":[12,5],"tags":[],"class_list":["post-2213","post","type-post","status-publish","format-standard","has-post-thumbnail","hentry","category-naslovna","category-novosti"],"_links":{"self":[{"href":"http:\/\/bhrt-sindikat.ba\/index.php?rest_route=\/wp\/v2\/posts\/2213","targetHints":{"allow":["GET"]}}],"collection":[{"href":"http:\/\/bhrt-sindikat.ba\/index.php?rest_route=\/wp\/v2\/posts"}],"about":[{"href":"http:\/\/bhrt-sindikat.ba\/index.php?rest_route=\/wp\/v2\/types\/post"}],"author":[{"embeddable":true,"href":"http:\/\/bhrt-sindikat.ba\/index.php?rest_route=\/wp\/v2\/users\/4"}],"replies":[{"embeddable":true,"href":"http:\/\/bhrt-sindikat.ba\/index.php?rest_route=%2Fwp%2Fv2%2Fcomments&post=2213"}],"version-history":[{"count":0,"href":"http:\/\/bhrt-sindikat.ba\/index.php?rest_route=\/wp\/v2\/posts\/2213\/revisions"}],"wp:featuredmedia":[{"embeddable":true,"href":"http:\/\/bhrt-sindikat.ba\/index.php?rest_route=\/wp\/v2\/media\/2214"}],"wp:attachment":[{"href":"http:\/\/bhrt-sindikat.ba\/index.php?rest_route=%2Fwp%2Fv2%2Fmedia&parent=2213"}],"wp:term":[{"taxonomy":"category","embeddable":true,"href":"http:\/\/bhrt-sindikat.ba\/index.php?rest_route=%2Fwp%2Fv2%2Fcategories&post=2213"},{"taxonomy":"post_tag","embeddable":true,"href":"http:\/\/bhrt-sindikat.ba\/index.php?rest_route=%2Fwp%2Fv2%2Ftags&post=2213"}],"curies":[{"name":"wp","href":"https:\/\/api.w.org\/{rel}","templated":true}]}}