
{"id":2498,"date":"2022-04-16T08:55:26","date_gmt":"2022-04-16T08:55:26","guid":{"rendered":"http:\/\/bhrt-sindikat.ba\/?p=2498"},"modified":"2022-04-16T08:55:46","modified_gmt":"2022-04-16T08:55:46","slug":"kojovic-i-arnaut-razgovarali-s-predstavnicima-sindikata-bhrt-a-o-polozaju-radnika","status":"publish","type":"post","link":"http:\/\/bhrt-sindikat.ba\/?p=2498","title":{"rendered":"Kojovi\u0107 i Arnaut razgovarali s predstavnicima sindikata BHRT-a o polo\u017eaju radnika"},"content":{"rendered":"<p>Predsjedavaju\u0107i Kluba zastupnika Na\u0161a stranka &#8211; Nezavisni blok u Zastupni\u010dkom domu  Parlamentarne skup\u0161tine Bosne i Hercegovine Predrag Kojovi\u0107 i zastupnik u tom Klubu Damir Arnaut razgovarali su danas s predstavnicima Samostalnog sindikata radnika BHRT-a o polo\u017eaju radnika Javnog RTV servisa BiH i mogu\u0107im rje\u0161enjima za finansijsku odr\u017eivost ove dr\u017eavne medijske ku\u0107e.<\/p>\n<p>Predstavnici Samostalnog sindikata radnika BHRT-a upoznali su Kojovi\u0107a i Arnauta s aktuelnom situacijom, finansijskim problemima izazvanim nepo\u0161tovanjem postoje\u0107ih zakona i nezavidnim polo\u017eajem zaposlenih u Javnom RTV servisu BiH. Opisali su i svoj prijedlog izmjena zakona, za koji su ocijenili da dugoro\u010dno rje\u0161ava pitanje prikupljanja RTV takse i na\u010dina raspodjele prikupljenih sredstava. Izrazili su i zabrinutost zbog odliva kvalitetnih kadrova s BHRT-a, \u0161to, kako su rekli, mo\u017ee imati uticaj na proizvodnju i kvalitet programa.<\/p>\n<p>Tokom sastanka bilo je rije\u010di i o drugim mogu\u0107im kratkoro\u010dnim i dugoro\u010dnim rje\u0161enjima pitanja statusa Javnog RTV servisa i problema zaposlenih radnika, o \u010demu su, kako je re\u010deno, predstavnici Samostalnog sindikata radnika BHRT-a razgovarali i s predstavnicima Delegacije Evropske unije (EU) u BiH.<\/p>\n<p>Naglasili su kako je pitanje trajnog rje\u0161avanja situacije na BHRT-u u vrhu prioriteta njihovog djelovanja.<\/p>\n","protected":false},"excerpt":{"rendered":"<p>Predsjedavaju\u0107i Kluba zastupnika Na\u0161a stranka &#8211; Nezavisni blok u Zastupni\u010dkom domu Parlamentarne skup\u0161tine Bosne i Hercegovine Predrag Kojovi\u0107 i zastupnik u tom Klubu Damir Arnaut razgovarali su danas s predstavnicima Samostalnog sindikata radnika BHRT-a o polo\u017eaju radnika Javnog RTV servisa BiH i mogu\u0107im rje\u0161enjima za finansijsku odr\u017eivost ove dr\u017eavne medijske ku\u0107e. Predstavnici Samostalnog sindikata radnika&#8230;<\/p>\n","protected":false},"author":4,"featured_media":2499,"comment_status":"closed","ping_status":"open","sticky":false,"template":"","format":"standard","meta":{"footnotes":"","_links_to":"","_links_to_target":""},"categories":[13,12,5],"tags":[],"class_list":["post-2498","post","type-post","status-publish","format-standard","has-post-thumbnail","hentry","category-naslovna-novosti","category-naslovna","category-novosti"],"_links":{"self":[{"href":"http:\/\/bhrt-sindikat.ba\/index.php?rest_route=\/wp\/v2\/posts\/2498","targetHints":{"allow":["GET"]}}],"collection":[{"href":"http:\/\/bhrt-sindikat.ba\/index.php?rest_route=\/wp\/v2\/posts"}],"about":[{"href":"http:\/\/bhrt-sindikat.ba\/index.php?rest_route=\/wp\/v2\/types\/post"}],"author":[{"embeddable":true,"href":"http:\/\/bhrt-sindikat.ba\/index.php?rest_route=\/wp\/v2\/users\/4"}],"replies":[{"embeddable":true,"href":"http:\/\/bhrt-sindikat.ba\/index.php?rest_route=%2Fwp%2Fv2%2Fcomments&post=2498"}],"version-history":[{"count":2,"href":"http:\/\/bhrt-sindikat.ba\/index.php?rest_route=\/wp\/v2\/posts\/2498\/revisions"}],"predecessor-version":[{"id":2501,"href":"http:\/\/bhrt-sindikat.ba\/index.php?rest_route=\/wp\/v2\/posts\/2498\/revisions\/2501"}],"wp:featuredmedia":[{"embeddable":true,"href":"http:\/\/bhrt-sindikat.ba\/index.php?rest_route=\/wp\/v2\/media\/2499"}],"wp:attachment":[{"href":"http:\/\/bhrt-sindikat.ba\/index.php?rest_route=%2Fwp%2Fv2%2Fmedia&parent=2498"}],"wp:term":[{"taxonomy":"category","embeddable":true,"href":"http:\/\/bhrt-sindikat.ba\/index.php?rest_route=%2Fwp%2Fv2%2Fcategories&post=2498"},{"taxonomy":"post_tag","embeddable":true,"href":"http:\/\/bhrt-sindikat.ba\/index.php?rest_route=%2Fwp%2Fv2%2Ftags&post=2498"}],"curies":[{"name":"wp","href":"https:\/\/api.w.org\/{rel}","templated":true}]}}