
{"id":2531,"date":"2022-05-03T17:10:22","date_gmt":"2022-05-03T17:10:22","guid":{"rendered":"http:\/\/bhrt-sindikat.ba\/?p=2531"},"modified":"2022-05-03T17:10:22","modified_gmt":"2022-05-03T17:10:22","slug":"svjetski-dan-slobode-medija-2","status":"publish","type":"post","link":"http:\/\/bhrt-sindikat.ba\/?p=2531","title":{"rendered":"Svjetski dan slobode medija"},"content":{"rendered":"<p>Samostalni sindikat radnika u BHRT-u povodom Svjetskog dana slobode medija, poru\u010duje da \u0107e se dosljedno boriti za nezavisnost Javnog servisa svih gra\u0111ana Bosne i Hercegovine,kao i temeljna prava uposlenika. Apelujemo jo\u0161 jednom na sve zvani\u010dne institucije u Bosni i Hercegovini, OHR, Delegaciju Evropske Unije u BIH,Misiju OSCE-a, da shvate veli\u010dinu problema ugro\u017eenosti javnog medijskog servisa u jednoj evropskoj dr\u017eavi, i u\u010dine sve \u0161to je u njihovoj mo\u0107i da se kona\u010dno trajno rije\u0161i problem finansiranja i nezavisnosti BHRT-a.<\/p>\n<p><em>&#8220;Radnici ove ku\u0107e ne smiju biti kolateralna \u0161teta politi\u010dkih igara, a ga\u0161enje Javnog servisa Bosne i Hercegovine ne smije biti opcija!&#8221;<\/em>,poruka je Samostalnog sindikata radnika u BHRT-u uz Svjetski dan slobode medija.<\/p>\n","protected":false},"excerpt":{"rendered":"<p>Samostalni sindikat radnika u BHRT-u povodom Svjetskog dana slobode medija, poru\u010duje da \u0107e se dosljedno boriti za nezavisnost Javnog servisa svih gra\u0111ana Bosne i Hercegovine,kao i temeljna prava uposlenika. Apelujemo jo\u0161 jednom na sve zvani\u010dne institucije u Bosni i Hercegovini, OHR, Delegaciju Evropske Unije u BIH,Misiju OSCE-a, da shvate veli\u010dinu problema ugro\u017eenosti javnog medijskog servisa&#8230;<\/p>\n","protected":false},"author":4,"featured_media":2532,"comment_status":"closed","ping_status":"open","sticky":false,"template":"","format":"standard","meta":{"footnotes":"","_links_to":"","_links_to_target":""},"categories":[12,13,5],"tags":[],"class_list":["post-2531","post","type-post","status-publish","format-standard","has-post-thumbnail","hentry","category-naslovna","category-naslovna-novosti","category-novosti"],"_links":{"self":[{"href":"http:\/\/bhrt-sindikat.ba\/index.php?rest_route=\/wp\/v2\/posts\/2531","targetHints":{"allow":["GET"]}}],"collection":[{"href":"http:\/\/bhrt-sindikat.ba\/index.php?rest_route=\/wp\/v2\/posts"}],"about":[{"href":"http:\/\/bhrt-sindikat.ba\/index.php?rest_route=\/wp\/v2\/types\/post"}],"author":[{"embeddable":true,"href":"http:\/\/bhrt-sindikat.ba\/index.php?rest_route=\/wp\/v2\/users\/4"}],"replies":[{"embeddable":true,"href":"http:\/\/bhrt-sindikat.ba\/index.php?rest_route=%2Fwp%2Fv2%2Fcomments&post=2531"}],"version-history":[{"count":1,"href":"http:\/\/bhrt-sindikat.ba\/index.php?rest_route=\/wp\/v2\/posts\/2531\/revisions"}],"predecessor-version":[{"id":2533,"href":"http:\/\/bhrt-sindikat.ba\/index.php?rest_route=\/wp\/v2\/posts\/2531\/revisions\/2533"}],"wp:featuredmedia":[{"embeddable":true,"href":"http:\/\/bhrt-sindikat.ba\/index.php?rest_route=\/wp\/v2\/media\/2532"}],"wp:attachment":[{"href":"http:\/\/bhrt-sindikat.ba\/index.php?rest_route=%2Fwp%2Fv2%2Fmedia&parent=2531"}],"wp:term":[{"taxonomy":"category","embeddable":true,"href":"http:\/\/bhrt-sindikat.ba\/index.php?rest_route=%2Fwp%2Fv2%2Fcategories&post=2531"},{"taxonomy":"post_tag","embeddable":true,"href":"http:\/\/bhrt-sindikat.ba\/index.php?rest_route=%2Fwp%2Fv2%2Ftags&post=2531"}],"curies":[{"name":"wp","href":"https:\/\/api.w.org\/{rel}","templated":true}]}}