
{"id":2691,"date":"2023-04-28T16:29:30","date_gmt":"2023-04-28T16:29:30","guid":{"rendered":"http:\/\/bhrt-sindikat.ba\/?p=2691"},"modified":"2023-05-01T19:53:42","modified_gmt":"2023-05-01T19:53:42","slug":"sretan-1-maj-praznik-rada","status":"publish","type":"post","link":"http:\/\/bhrt-sindikat.ba\/?p=2691","title":{"rendered":"Prvomajska poruka Samostalnog sindikata radnika u BHRT-u"},"content":{"rendered":"<p>Samostalni sindikat radnika u BHRT-u povodom Prvog maja, Me\u0111unarodnog praznika rada, \u010destita praznik rada, prije svega\u00a0 svim radnicima koji \u00a0i danas rade, posebno na\u0161im \u010dlanovima, kolegama koji od releja na planinama do studija i re\u017eija, za miksetama , kamerama i mikrofonima, reporterima na terenu, tehni\u010dara u pogonima energetike i danas rade, te tehni\u010darima i in\u017eenjerima koji osiguravaju da radio-televizijski signal stigne do svakog doma\u0107instva, bez obzira da li pla\u0107a pretplatu ili ne\u2026 Rade tako uposlenici\u00a0 Javnog RTV servisa\u00a0 Bosne i Hercegovine\u00a0 24 sata, za sve\u00a0 gra\u0111ane,\u00a0 narode , ostale , ba\u0161 za sve\u00a0\u00a0 u Bosni i Hercegovini.\u00a0\u00a0 U te\u0161kim uvjetima,\u00a0 sa zastarjelom opremom i do 40 godina, ali sa jako niskim primanjima za dana\u0161nje uvjete, najni\u017eim toplim obrokom u dr\u017eavi!! Uprkos rastu\u0107oj\u00a0 inflaciji,\u00a0 na\u0161e pla\u0107e, naknade i primanja ne prate rast potro\u0161a\u010dkih cijena. Istovremeno, mi koji\u00a0 smo u dana\u0161nje vrijeme itekako\u00a0 potpla\u0107eni,\u00a0 ve\u0107ina na\u0161eg \u010dlanstva , jer ima i onih koji su prepla\u0107eni za ono \u0161to rade, svakodnevno, profesionalno,\u00a0 po\u0161tuju\u0107i sve novinarske , eti\u010dke standarde\u00a0 izvje\u0161tavamo\u00a0 o svemu \u0161to se doga\u0111a u zemlji i svijetu.<\/p>\n<p>Me\u0111utim i na\u0161e strpljenje ima kraj, stoga poru\u010dujemo , prije svega\u00a0 predstavnicima Menad\u017ementa da rade svoj posao i osiguraju pla\u0107e i naknade dostojne \u010dovjeka\u00a0 za sve uposlenike koji su potpla\u0107eni,\u00a0 ali i predstavnicima\u00a0 novoformiranih\u00a0 vlasti da imaju na umu rje\u0161avanje vi\u0161egodi\u0161njeg\u00a0 otvorenog pitanja,\u00a0 opstojnosti\u00a0\u00a0 i\u00a0 finansijske\u00a0 odr\u017eivosti\u00a0 Javnog\u00a0 Radiotelevizijskog sistema, koji je podsje\u0107amo, jedan od uvjeta na evropskom putu na\u0161e zemlje. Gospodo, mi \u201ckota\u010di\u0107i\u201d , koji proizvode program\u00a0 svoj posao radimo i zara\u0111ujemo svoje pla\u0107e koje nisu dovoljne za\u00a0 pre\u017eivljavanje od prvog do prvog.<\/p>\n<p>Stoga vas pozivamo na odgovornost,\u00a0 da i vi po\u010dnete zara\u0111ivati svoje pla\u0107e koje su i po deset \u00a0puta ve\u0107e od najni\u017eih pla\u0107a\u00a0 na BHRT-u. Po\u0161tujte dostojanstvo svakog radnika, unaprijedite uvjete rada i pobolj\u0161ajte \u017eivotni standard\u00a0 svojih uposlenika.<\/p>\n<p>Samostalni sindikat radnika u BHRT-u pru\u017ea punu podr\u0161ku svim kolegama\u00a0 koji \u0107e danas protestima obilje\u017eiti\u00a0 Me\u0111unarodni praznik rada jer\u00a0\u00a0 ovo je dan kada treba,\u00a0 da se uputi jasan\u00a0 protest i digne glas za zajedni\u0161tvo\u00a0 i\u00a0 solidarnost Sindikata.<\/p>\n<p>Podr\u0161ka i slobodomisle\u0107im radnicima Francuske, Velike Britanije, \u0160panije,\u00a0 Njema\u010dke koji zbog rasta cijena osnovnih \u017eivotnih namirnica protestuju ve\u0107 nekoliko mjeseci,\u00a0 a nama je izgleda dobro, jer tek rijetki protestiraju, ostali\u00a0 i posljednju crkavicu\u00a0 potro\u0161e na ro\u0161tiljanje\u2026<\/p>\n<p><strong>Za bolji polo\u017eaj radnika u na\u0161oj zemlji, uz poruku u zajedni\u0161tvu je snaga!<\/strong><\/p>\n<p>&nbsp;<\/p>\n<p>&nbsp;<\/p>\n<p>&nbsp;<\/p>\n","protected":false},"excerpt":{"rendered":"<p>Samostalni sindikat radnika u BHRT-u povodom Prvog maja, Me\u0111unarodnog praznika rada, \u010destita praznik rada, prije svega\u00a0 svim radnicima koji \u00a0i danas rade, posebno na\u0161im \u010dlanovima, kolegama koji od releja na planinama do studija i re\u017eija, za miksetama , kamerama i mikrofonima, reporterima na terenu, tehni\u010dara u pogonima energetike i danas rade, te tehni\u010darima i in\u017eenjerima&#8230;<\/p>\n","protected":false},"author":4,"featured_media":2692,"comment_status":"closed","ping_status":"open","sticky":false,"template":"","format":"standard","meta":{"footnotes":"","_links_to":"","_links_to_target":""},"categories":[12,13,5],"tags":[],"class_list":["post-2691","post","type-post","status-publish","format-standard","has-post-thumbnail","hentry","category-naslovna","category-naslovna-novosti","category-novosti"],"_links":{"self":[{"href":"http:\/\/bhrt-sindikat.ba\/index.php?rest_route=\/wp\/v2\/posts\/2691","targetHints":{"allow":["GET"]}}],"collection":[{"href":"http:\/\/bhrt-sindikat.ba\/index.php?rest_route=\/wp\/v2\/posts"}],"about":[{"href":"http:\/\/bhrt-sindikat.ba\/index.php?rest_route=\/wp\/v2\/types\/post"}],"author":[{"embeddable":true,"href":"http:\/\/bhrt-sindikat.ba\/index.php?rest_route=\/wp\/v2\/users\/4"}],"replies":[{"embeddable":true,"href":"http:\/\/bhrt-sindikat.ba\/index.php?rest_route=%2Fwp%2Fv2%2Fcomments&post=2691"}],"version-history":[{"count":2,"href":"http:\/\/bhrt-sindikat.ba\/index.php?rest_route=\/wp\/v2\/posts\/2691\/revisions"}],"predecessor-version":[{"id":2694,"href":"http:\/\/bhrt-sindikat.ba\/index.php?rest_route=\/wp\/v2\/posts\/2691\/revisions\/2694"}],"wp:featuredmedia":[{"embeddable":true,"href":"http:\/\/bhrt-sindikat.ba\/index.php?rest_route=\/wp\/v2\/media\/2692"}],"wp:attachment":[{"href":"http:\/\/bhrt-sindikat.ba\/index.php?rest_route=%2Fwp%2Fv2%2Fmedia&parent=2691"}],"wp:term":[{"taxonomy":"category","embeddable":true,"href":"http:\/\/bhrt-sindikat.ba\/index.php?rest_route=%2Fwp%2Fv2%2Fcategories&post=2691"},{"taxonomy":"post_tag","embeddable":true,"href":"http:\/\/bhrt-sindikat.ba\/index.php?rest_route=%2Fwp%2Fv2%2Ftags&post=2691"}],"curies":[{"name":"wp","href":"https:\/\/api.w.org\/{rel}","templated":true}]}}